[{"@context":"https:\/\/schema.org\/","@type":"Article","@id":"https:\/\/www.bakea.cz\/uklizeni-nas-nebavi\/#Article","mainEntityOfPage":"https:\/\/www.bakea.cz\/uklizeni-nas-nebavi\/","headline":"Ukl\u00edzen\u00ed n\u00e1s nebav\u00ed","name":"Ukl\u00edzen\u00ed n\u00e1s nebav\u00ed","description":"Kdybyste si mohli vybrat, kde budete \u017e\u00edt, zvolili byste si rad\u011bji d\u016fm dokonale uklizen\u00fd, nebo naopak zane\u0159\u00e1d\u011bn\u00fd?&hellip;","datePublished":"2023-07-07","dateModified":"2023-10-10","author":{"@type":"Person","@id":"https:\/\/www.bakea.cz\/author\/#Person","name":"","url":"https:\/\/www.bakea.cz\/author\/","identifier":1,"image":{"@type":"ImageObject","@id":"https:\/\/secure.gravatar.com\/avatar\/b72fc1bf1bf254b4118ef99c1da35a199f5a8e7c33c2166eae92618994df57ea?s=96&d=mm&r=g","url":"https:\/\/secure.gravatar.com\/avatar\/b72fc1bf1bf254b4118ef99c1da35a199f5a8e7c33c2166eae92618994df57ea?s=96&d=mm&r=g","height":96,"width":96}},"publisher":{"@type":"Organization","name":"bakea.cz","logo":{"@type":"ImageObject","@id":"\/logo.png","url":"\/logo.png","width":600,"height":60}},"image":{"@type":"ImageObject","@id":"https:\/\/www.bakea.cz\/wp-content\/uploads\/cleaning-6837687_1280.png","url":"https:\/\/www.bakea.cz\/wp-content\/uploads\/cleaning-6837687_1280.png","height":0,"width":0},"url":"https:\/\/www.bakea.cz\/uklizeni-nas-nebavi\/","about":["Business"],"wordCount":378,"articleBody":"      Kdybyste si mohli vybrat, kde budete \u017e\u00edt, zvolili byste si rad\u011bji d\u016fm dokonale uklizen\u00fd, nebo naopak zane\u0159\u00e1d\u011bn\u00fd? Bydleli byste rad\u011bji v solidn\u00edm bytov\u00e9m dom\u011b, nebo v n\u011b\u010dem p\u0159ipom\u00ednaj\u00edc\u00edm ubytovnu pro na\u0161e nep\u0159izp\u016fsobiv\u00e9 spoluob\u010dany? Odpov\u011b\u010f je mi u\u017e p\u0159edem jasn\u00e1. \u010cistota by zv\u00edt\u011bzila.Jen\u017ee takov\u00e1 \u010distota se neudr\u017e\u00ed sama od sebe nikde. A obzvl\u00e1\u0161\u0165 ne ve spole\u010dn\u00fdch prostor\u00e1ch velk\u00fdch bytov\u00fdch dom\u016f, kde se v jednom kuse n\u011bkdo produc\u00edruje a vn\u00e1\u0161\u00ed sem tedy zven\u010d\u00ed dal\u0161\u00ed a dal\u0161\u00ed \u0161p\u00ednu. A tak aby tu v jednom kuse n\u011bkdo ukl\u00edzel. Jen\u017ee kdo? N\u00e1jemn\u00edk\u016f je tu dost, ale nikdo se obvykle nechce chopit iniciativy. Ka\u017ed\u00fd si sice uklid\u00ed u sebe doma, ale spole\u010dn\u00e9 prostory p\u0159ece pat\u0159\u00ed v\u0161em a vyu\u017e\u00edvaj\u00ed je v\u0161ichni. A pro\u010d by m\u011b n\u011bkdo ukl\u00edzet po v\u0161ech?A tak by to tu vypadalo jako kdyby tu panoval socialismus. Pamatujete? Co pat\u0159ilo v\u0161em, o to se nestaral nikdo. A v mnoha p\u0159\u00edpadech \u201anebyli lidi\u2018. A za to, \u017ee se spousta bytov\u00fdch dom\u016f v na\u0161\u00ed metropoli nepodob\u00e1 skl\u00e1dce, vd\u011b\u010d\u00ed jejich obyvatel\u00e9 tomu, \u017ee anga\u017eovali na \u00faklid spole\u010dn\u00fdch prostor bytov\u00fdch dom\u016f https:\/\/www.modryzralok.cz\/uklid-panelovych-domu-a-svj. Tedy firmu, pro kterou jsou \u00faklidov\u00e9 pr\u00e1ce jej\u00edm posl\u00e1n\u00edm a ka\u017edodenn\u00edm chlebem.S Modr\u00fdm \u017eralokem lze bez probl\u00e9m\u016f uzav\u0159\u00edt smlouvu a t\u00edm si \u00faklid v takov\u00e9 nemovitosti zajistit. A to \u00faklid t\u00e9 nejvy\u0161\u0161\u00ed \u00farovn\u011b. Tady to toti\u017e nespo\u010d\u00edv\u00e1 v tom, \u017ee dejme tomu jeden t\u00fdden nedokonale zamete schody pan profesor z prvn\u00edho patra, druh\u00fd t\u00fdden to tu ledabyle vysm\u00fd\u010d\u00ed podnikatel, kter\u00fd na to nem\u00e1 \u010das, a t\u0159et\u00ed t\u00fdden to padne na ignoranta z posledn\u00edho patra, kter\u00fd se na to s bohorovn\u00fdm klidem vyka\u0161le. Ukl\u00edze\u010dky z Modr\u00e9ho \u017eraloka odv\u00e1d\u011bj\u00ed v\u017edy perfektn\u00ed a n\u00e1sledn\u011b spole\u010dn\u011b kontrolovanou pr\u00e1ci. Co\u017e ned\u00e1v\u00e1 prostor pro \u017e\u00e1dn\u00fd \u0161lendri\u00e1n. A ti, kdo vyu\u017e\u00edvaj\u00ed Modr\u00e9ho \u017eraloka, tak \u017eij\u00ed jako opravdu \u010distotn\u00ed civilizovan\u00ed lid\u00e9.                                                                                                                                                                                                                                                                                                                                                                                          4\/5 - (3 votes)        "},{"@context":"https:\/\/schema.org\/","@type":"BreadcrumbList","itemListElement":[{"@type":"ListItem","position":1,"name":"Ukl\u00edzen\u00ed n\u00e1s nebav\u00ed","item":"https:\/\/www.bakea.cz\/uklizeni-nas-nebavi\/#breadcrumbitem"}]}]